{"id":4689,"date":"2017-10-10T12:03:30","date_gmt":"2017-10-10T19:03:30","guid":{"rendered":"https:\/\/brainfiller.com\/?p=4689"},"modified":"2025-11-19T09:40:31","modified_gmt":"2025-11-19T16:40:31","slug":"ieee-opens-european-technology-center-vienna-austria","status":"publish","type":"post","link":"https:\/\/brainfiller.com\/es\/brainfiller-library\/ieee-opens-european-technology-center-vienna-austria\/","title":{"rendered":"El IEEE abre su Centro Tecnol\u00f3gico Europeo en Viena, Austria"},"content":{"rendered":"<div data-elementor-type=\"wp-post\" data-elementor-id=\"4689\" class=\"elementor elementor-4689\" data-elementor-post-type=\"post\">\n\t\t\t\t\t\t<section class=\"elementor-section elementor-top-section elementor-element elementor-element-e95f994 elementor-section-boxed elementor-section-height-default elementor-section-height-default\" data-id=\"e95f994\" data-element_type=\"section\" data-e-type=\"section\">\n\t\t\t\t\t\t<div class=\"elementor-container elementor-column-gap-default\">\n\t\t\t\t\t<div class=\"elementor-column elementor-col-100 elementor-top-column elementor-element elementor-element-976139a\" data-id=\"976139a\" data-element_type=\"column\" data-e-type=\"column\">\n\t\t\t<div class=\"elementor-widget-wrap elementor-element-populated\">\n\t\t\t\t\t\t<div class=\"elementor-element elementor-element-475483b elementor-widget-divider--view-line elementor-widget elementor-widget-divider\" data-id=\"475483b\" data-element_type=\"widget\" data-e-type=\"widget\" data-widget_type=\"divider.default\">\n\t\t\t\t<div class=\"elementor-widget-container\">\n\t\t\t\t\t\t\t<div class=\"elementor-divider\">\n\t\t\t<span class=\"elementor-divider-separator\">\n\t\t\t\t\t\t<\/span>\n\t\t<\/div>\n\t\t\t\t\t\t<\/div>\n\t\t\t\t<\/div>\n\t\t\t\t\t<\/div>\n\t\t<\/div>\n\t\t\t\t\t<\/div>\n\t\t<\/section>\n\t\t\t\t<section class=\"elementor-section elementor-top-section elementor-element elementor-element-3f17d040 elementor-section-boxed elementor-section-height-default elementor-section-height-default\" data-id=\"3f17d040\" data-element_type=\"section\" data-e-type=\"section\">\n\t\t\t\t\t\t<div class=\"elementor-container elementor-column-gap-default\">\n\t\t\t\t\t<div class=\"elementor-column elementor-col-100 elementor-top-column elementor-element elementor-element-74f83875\" data-id=\"74f83875\" data-element_type=\"column\" data-e-type=\"column\">\n\t\t\t<div class=\"elementor-widget-wrap elementor-element-populated\">\n\t\t\t\t\t\t<div class=\"elementor-element elementor-element-46d9c486 elementor-widget elementor-widget-text-editor\" data-id=\"46d9c486\" data-element_type=\"widget\" data-e-type=\"widget\" data-widget_type=\"text-editor.default\">\n\t\t\t\t<div class=\"elementor-widget-container\">\n\t\t\t\t\t\t\t\t\t<p><a href=\"https:\/\/brainfiller.com\/wp-content\/uploads\/2017\/10\/IEEE-Vienna.jpeg\"><img fetchpriority=\"high\" decoding=\"async\" class=\"wp-image-4690 alignleft\" src=\"https:\/\/brainfiller.com\/wp-content\/uploads\/2017\/10\/IEEE-Vienna-300x200.jpeg\" alt=\"\" width=\"336\" height=\"223\" srcset=\"https:\/\/brainfiller.com\/wp-content\/uploads\/2017\/10\/IEEE-Vienna-300x200.jpeg 300w, https:\/\/brainfiller.com\/wp-content\/uploads\/2017\/10\/IEEE-Vienna.jpeg 620w\" sizes=\"(max-width: 336px) 100vw, 336px\" \/><\/a>El IEEE contin\u00faa expandiendo su presencia global con la apertura del Centro Tecnol\u00f3gico Europeo en Viena. La ceremonia de inauguraci\u00f3n oficial se celebr\u00f3 el pasado 22 de septiembre. El centro brindar\u00e1 apoyo y servicios a la comunidad t\u00e9cnica europea, centr\u00e1ndose espec\u00edficamente en las necesidades del mundo acad\u00e9mico, el gobierno y la industria. Adem\u00e1s, el centro contribuir\u00e1 a los programas del IEEE a nivel mundial. La nueva oficina est\u00e1 ubicada en el edificio del Instituto de Normas Austriacas.<\/p><p>\u201cLa creaci\u00f3n del Centro Tecnol\u00f3gico Europeo marca un paso importante en la promoci\u00f3n de las actividades estrat\u00e9gicas globales del IEEE en Europa y m\u00e1s all\u00e1\u201d, afirma Karen Bartleson, presidenta y directora ejecutiva del IEEE en 2017. \u201cVemos una base s\u00f3lida para la colaboraci\u00f3n y esperamos contribuir con importantes iniciativas tecnol\u00f3gicas y pol\u00edticas que ayudar\u00e1n a hacer crecer y fortalecer el ecosistema cient\u00edfico y de innovaci\u00f3n europeo\u201d.<\/p><p>La apertura del Centro Tecnol\u00f3gico Europeo en Viena ofrece al IEEE una oportunidad ideal para involucrarse y participar en pol\u00edticas p\u00fablicas al facilitar el di\u00e1logo entre tecn\u00f3logos y legisladores europeos. El IEEE planea continuar trabajando en una serie de iniciativas estrat\u00e9gicas, incluida la Iniciativa de Pol\u00edtica P\u00fablica Europea, que tiene como objetivo aumentar el di\u00e1logo entre la comunidad tecnol\u00f3gica europea y los legisladores y legisladores europeos a trav\u00e9s de grupos de trabajo de expertos en \u00e1reas como la energ\u00eda y la tecnolog\u00eda de la informaci\u00f3n y las comunicaciones (TIC). Las actividades de la Iniciativa de Pol\u00edtica P\u00fablica Europea incluyen la elaboraci\u00f3n de declaraciones de posici\u00f3n sobre pol\u00edticas p\u00fablicas y la organizaci\u00f3n de eventos relacionados con las pol\u00edticas.<\/p><p>Entre los objetivos iniciales del centro tambi\u00e9n se incluye el apoyo a las iniciativas de normalizaci\u00f3n del IEEE para ayudar a fomentar la innovaci\u00f3n europea y mundial. Adem\u00e1s, el centro fomentar\u00e1 oportunidades de formaci\u00f3n y desarrollo profesional para que los profesionales se mantengan al d\u00eda con las \u00faltimas tecnolog\u00edas.<\/p><p>Desde el Instituto IEEE \u2013 10 de octubre de 2017<\/p><p><strong><em>Acerca de Jim Phillips:<\/em><\/strong><em> Programas de capacitaci\u00f3n sobre energ\u00eda el\u00e9ctrica y arco el\u00e9ctrico: durante m\u00e1s de 30 a\u00f1os, Jim Phillips ha ayudado a decenas de miles de personas en todo el mundo a comprender el dise\u00f1o, el an\u00e1lisis, el arco el\u00e9ctrico y la seguridad el\u00e9ctrica de los sistemas de energ\u00eda el\u00e9ctrica.<\/em><\/p><p><em>Jim es vicepresidente de IEEE 1584, presidente internacional de IEC TC78 Live Working y miembro del comit\u00e9 directivo del proyecto de investigaci\u00f3n colaborativa sobre arcos el\u00e9ctricos IEEE\/NFPA. Se ha ganado la reputaci\u00f3n de ser uno de los mejores formadores en la industria de la energ\u00eda el\u00e9ctrica.<strong>\u00a0\u00a0<\/strong><\/em><a href=\"http:\/\/www.staging28.brainfiller.com\/scheduled-events\/\"><strong><em>M\u00e1s informaci\u00f3n<\/em><\/strong><\/a><\/p><p><strong><em>Para m\u00e1s informaci\u00f3n<\/em><\/strong><em> sobre Jim Phillips y los servicios de peritos y forenses <\/em><a href=\"https:\/\/brainfiller.com\/es\/expert-witness\/\"><strong><em>Haga clic aqu\u00ed<\/em><\/strong><\/a><\/p><p><strong><em>Inscribirse<\/em><\/strong><em> para mi publicaci\u00f3n mensual \u201cGrey Matter\u201d que contiene noticias sobre nuevos est\u00e1ndares, conferencias, art\u00edculos t\u00e9cnicos, noticias de ingenier\u00eda el\u00e9ctrica y mucho m\u00e1s. <\/em><a href=\"https:\/\/visitor.r20.constantcontact.com\/d.jsp?llr=v9okbfcab&amp;p=oi&amp;m=1101828275029&amp;sit=dl4faovcb&amp;f=08e41dea-9c84-4b90-8da7-9b4eb49b33de\"><strong><em>Haga clic aqu\u00ed<\/em><\/strong><\/a><\/p>\t\t\t\t\t\t\t\t<\/div>\n\t\t\t\t<\/div>\n\t\t\t\t\t<\/div>\n\t\t<\/div>\n\t\t\t\t\t<\/div>\n\t\t<\/section>\n\t\t\t\t<\/div>","protected":false},"excerpt":{"rendered":"<p>IEEE continues to expand its global presence with the opening of the European Technology Center in Vienna. The ribbon-cutting ceremony and official opening were just recently held on September 22. The center will provide support and services to the European&#8230;<\/p>","protected":false},"author":2,"featured_media":4690,"comment_status":"open","ping_status":"closed","sticky":false,"template":"elementor_theme","format":"standard","meta":{"_acf_changed":false,"_monsterinsights_skip_tracking":false,"_monsterinsights_sitenote_active":false,"_monsterinsights_sitenote_note":"","_monsterinsights_sitenote_category":0,"_price":"","_stock":"","_tribe_ticket_header":"","_tribe_default_ticket_provider":"","_tribe_ticket_capacity":"0","_ticket_start_date":"","_ticket_end_date":"","_tribe_ticket_show_description":"","_tribe_ticket_show_not_going":false,"_tribe_ticket_use_global_stock":"","_tribe_ticket_global_stock_level":"","_global_stock_mode":"","_global_stock_cap":"","_tribe_rsvp_for_event":"","_tribe_ticket_going_count":"","_tribe_ticket_not_going_count":"","_tribe_tickets_list":"[]","_tribe_ticket_has_attendee_info_fields":false,"footnotes":"","_tec_slr_enabled":"","_tec_slr_layout":""},"categories":[406,7,404,403,412,407],"tags":[],"class_list":["post-4689","post","type-post","status-publish","format-standard","has-post-thumbnail","hentry","category-arc-flash-safety-and-hazard-analysis","category-brainfiller-library","category-electrical-power-system-design-and-analysis","category-electrical-safety-codes-and-standards","category-electrical-safety-training-and-culture","category-emerging-electrical-safety-technologies-and-trends"],"acf":[],"yoast_head":"<!-- This site is optimized with the Yoast SEO plugin v27.4 - https:\/\/yoast.com\/product\/yoast-seo-wordpress\/ -->\n<title>IEEE Opens Its European Technology Center in Vienna, Austria - Arc Flash &amp; Electrical Power Training | Brainfiller<\/title>\n<meta name=\"description\" content=\"IEEE continues to expand its global presence with the opening of the European Technology Center in Vienna. The ribbon-cutting ceremony and official opening were just recently held on September 22. The center will provide support and services to the European...\" \/>\n<meta name=\"robots\" content=\"index, follow, max-snippet:-1, max-image-preview:large, max-video-preview:-1\" \/>\n<link rel=\"canonical\" href=\"https:\/\/brainfiller.com\/es\/uncategorized\/ieee-opens-european-technology-center-vienna-austria\/\" \/>\n<meta property=\"og:locale\" content=\"es_MX\" \/>\n<meta property=\"og:type\" content=\"article\" \/>\n<meta property=\"og:title\" content=\"IEEE Opens Its European Technology Center in Vienna, Austria - Arc Flash &amp; Electrical Power Training | Brainfiller\" \/>\n<meta property=\"og:description\" content=\"IEEE continues to expand its global presence with the opening of the European Technology Center in Vienna. The ribbon-cutting ceremony and official opening were just recently held on September 22. The center will provide support and services to the European...\" \/>\n<meta property=\"og:url\" content=\"https:\/\/brainfiller.com\/es\/uncategorized\/ieee-opens-european-technology-center-vienna-austria\/\" \/>\n<meta property=\"og:site_name\" content=\"Arc Flash &amp; Electrical Power Training | Brainfiller\" \/>\n<meta property=\"article:publisher\" content=\"https:\/\/www.facebook.com\/pages\/Brainfiller\/121692927901400\" \/>\n<meta property=\"article:author\" content=\"Jim Phillips \/ Brainfiller.com\" \/>\n<meta property=\"article:published_time\" content=\"2017-10-10T19:03:30+00:00\" \/>\n<meta property=\"article:modified_time\" content=\"2025-11-19T16:40:31+00:00\" \/>\n<meta property=\"og:image\" content=\"https:\/\/brainfiller.com\/wp-content\/uploads\/2017\/10\/IEEE-Vienna.jpeg\" \/>\n\t<meta property=\"og:image:width\" content=\"620\" \/>\n\t<meta property=\"og:image:height\" content=\"414\" \/>\n\t<meta property=\"og:image:type\" content=\"image\/jpeg\" \/>\n<meta name=\"author\" content=\"Jim Phillips\" \/>\n<meta name=\"twitter:card\" content=\"summary_large_image\" \/>\n<meta name=\"twitter:creator\" content=\"@brainfiller\" \/>\n<meta name=\"twitter:site\" content=\"@brainfiller\" \/>\n<meta name=\"twitter:label1\" content=\"Escrito por\" \/>\n\t<meta name=\"twitter:data1\" content=\"Jim Phillips\" \/>\n\t<meta name=\"twitter:label2\" content=\"Tiempo de lectura\" \/>\n\t<meta name=\"twitter:data2\" content=\"2 minutos\" \/>\n<script type=\"application\/ld+json\" class=\"yoast-schema-graph\">{\"@context\":\"https:\\\/\\\/schema.org\",\"@graph\":[{\"@type\":\"Article\",\"@id\":\"https:\\\/\\\/brainfiller.com\\\/uncategorized\\\/ieee-opens-european-technology-center-vienna-austria\\\/#article\",\"isPartOf\":{\"@id\":\"https:\\\/\\\/brainfiller.com\\\/uncategorized\\\/ieee-opens-european-technology-center-vienna-austria\\\/\"},\"author\":{\"name\":\"Jim Phillips\",\"@id\":\"https:\\\/\\\/brainfiller.com\\\/#\\\/schema\\\/person\\\/03247835e81df659321c6b756e0389e5\"},\"headline\":\"IEEE Opens Its European Technology Center in Vienna, Austria\",\"datePublished\":\"2017-10-10T19:03:30+00:00\",\"dateModified\":\"2025-11-19T16:40:31+00:00\",\"mainEntityOfPage\":{\"@id\":\"https:\\\/\\\/brainfiller.com\\\/uncategorized\\\/ieee-opens-european-technology-center-vienna-austria\\\/\"},\"wordCount\":392,\"commentCount\":0,\"publisher\":{\"@id\":\"https:\\\/\\\/brainfiller.com\\\/#organization\"},\"image\":{\"@id\":\"https:\\\/\\\/brainfiller.com\\\/uncategorized\\\/ieee-opens-european-technology-center-vienna-austria\\\/#primaryimage\"},\"thumbnailUrl\":\"https:\\\/\\\/brainfiller.com\\\/wp-content\\\/uploads\\\/2017\\\/10\\\/IEEE-Vienna.jpeg\",\"articleSection\":[\"Arc Flash Safety and Hazard Analysis\",\"Brainfiller Library\",\"Electrical Power System Design and Analysis\",\"Electrical Safety Codes and Standards\",\"Electrical Safety Training and Culture\",\"Emerging Electrical Safety Technologies and Trends\"],\"inLanguage\":\"es\",\"potentialAction\":[{\"@type\":\"CommentAction\",\"name\":\"Comment\",\"target\":[\"https:\\\/\\\/brainfiller.com\\\/uncategorized\\\/ieee-opens-european-technology-center-vienna-austria\\\/#respond\"]}]},{\"@type\":\"WebPage\",\"@id\":\"https:\\\/\\\/brainfiller.com\\\/uncategorized\\\/ieee-opens-european-technology-center-vienna-austria\\\/\",\"url\":\"https:\\\/\\\/brainfiller.com\\\/uncategorized\\\/ieee-opens-european-technology-center-vienna-austria\\\/\",\"name\":\"IEEE Opens Its European Technology Center in Vienna, Austria - Arc Flash &amp; Electrical Power Training | Brainfiller\",\"isPartOf\":{\"@id\":\"https:\\\/\\\/brainfiller.com\\\/#website\"},\"primaryImageOfPage\":{\"@id\":\"https:\\\/\\\/brainfiller.com\\\/uncategorized\\\/ieee-opens-european-technology-center-vienna-austria\\\/#primaryimage\"},\"image\":{\"@id\":\"https:\\\/\\\/brainfiller.com\\\/uncategorized\\\/ieee-opens-european-technology-center-vienna-austria\\\/#primaryimage\"},\"thumbnailUrl\":\"https:\\\/\\\/brainfiller.com\\\/wp-content\\\/uploads\\\/2017\\\/10\\\/IEEE-Vienna.jpeg\",\"datePublished\":\"2017-10-10T19:03:30+00:00\",\"dateModified\":\"2025-11-19T16:40:31+00:00\",\"description\":\"IEEE continues to expand its global presence with the opening of the European Technology Center in Vienna. The ribbon-cutting ceremony and official opening were just recently held on September 22. The center will provide support and services to the European...\",\"breadcrumb\":{\"@id\":\"https:\\\/\\\/brainfiller.com\\\/uncategorized\\\/ieee-opens-european-technology-center-vienna-austria\\\/#breadcrumb\"},\"inLanguage\":\"es\",\"potentialAction\":[{\"@type\":\"ReadAction\",\"target\":[\"https:\\\/\\\/brainfiller.com\\\/uncategorized\\\/ieee-opens-european-technology-center-vienna-austria\\\/\"]}]},{\"@type\":\"ImageObject\",\"inLanguage\":\"es\",\"@id\":\"https:\\\/\\\/brainfiller.com\\\/uncategorized\\\/ieee-opens-european-technology-center-vienna-austria\\\/#primaryimage\",\"url\":\"https:\\\/\\\/brainfiller.com\\\/wp-content\\\/uploads\\\/2017\\\/10\\\/IEEE-Vienna.jpeg\",\"contentUrl\":\"https:\\\/\\\/brainfiller.com\\\/wp-content\\\/uploads\\\/2017\\\/10\\\/IEEE-Vienna.jpeg\",\"width\":620,\"height\":414},{\"@type\":\"BreadcrumbList\",\"@id\":\"https:\\\/\\\/brainfiller.com\\\/uncategorized\\\/ieee-opens-european-technology-center-vienna-austria\\\/#breadcrumb\",\"itemListElement\":[{\"@type\":\"ListItem\",\"position\":1,\"name\":\"Home\",\"item\":\"https:\\\/\\\/brainfiller.com\\\/\"},{\"@type\":\"ListItem\",\"position\":2,\"name\":\"IEEE Opens Its European Technology Center in Vienna, Austria\"}]},{\"@type\":\"WebSite\",\"@id\":\"https:\\\/\\\/brainfiller.com\\\/#website\",\"url\":\"https:\\\/\\\/brainfiller.com\\\/\",\"name\":\"Arc Flash & Electrical Power Training | Brainfiller\",\"description\":\"Arc Flash &amp; Electrical Power Training by Jim Phillips\",\"publisher\":{\"@id\":\"https:\\\/\\\/brainfiller.com\\\/#organization\"},\"potentialAction\":[{\"@type\":\"SearchAction\",\"target\":{\"@type\":\"EntryPoint\",\"urlTemplate\":\"https:\\\/\\\/brainfiller.com\\\/?s={search_term_string}\"},\"query-input\":{\"@type\":\"PropertyValueSpecification\",\"valueRequired\":true,\"valueName\":\"search_term_string\"}}],\"inLanguage\":\"es\"},{\"@type\":\"Organization\",\"@id\":\"https:\\\/\\\/brainfiller.com\\\/#organization\",\"name\":\"Brainfiller.com\",\"url\":\"https:\\\/\\\/brainfiller.com\\\/\",\"logo\":{\"@type\":\"ImageObject\",\"inLanguage\":\"es\",\"@id\":\"https:\\\/\\\/brainfiller.com\\\/#\\\/schema\\\/logo\\\/image\\\/\",\"url\":\"https:\\\/\\\/brainfiller.com\\\/wp-content\\\/uploads\\\/2015\\\/05\\\/Brain-Logo.jpg\",\"contentUrl\":\"https:\\\/\\\/brainfiller.com\\\/wp-content\\\/uploads\\\/2015\\\/05\\\/Brain-Logo.jpg\",\"width\":128,\"height\":118,\"caption\":\"Brainfiller.com\"},\"image\":{\"@id\":\"https:\\\/\\\/brainfiller.com\\\/#\\\/schema\\\/logo\\\/image\\\/\"},\"sameAs\":[\"https:\\\/\\\/www.facebook.com\\\/pages\\\/Brainfiller\\\/121692927901400\",\"https:\\\/\\\/x.com\\\/brainfiller\",\"https:\\\/\\\/www.linkedin.com\\\/in\\\/brainfiller\",\"https:\\\/\\\/www.youtube.com\\\/user\\\/BrainfillerTV\"]},{\"@type\":\"Person\",\"@id\":\"https:\\\/\\\/brainfiller.com\\\/#\\\/schema\\\/person\\\/03247835e81df659321c6b756e0389e5\",\"name\":\"Jim Phillips\",\"image\":{\"@type\":\"ImageObject\",\"inLanguage\":\"es\",\"@id\":\"https:\\\/\\\/secure.gravatar.com\\\/avatar\\\/258153a7b4455d57ac848a4f6ee7f9267354ff8620a5dbe6147c911dfb739491?s=96&d=mm&r=g\",\"url\":\"https:\\\/\\\/secure.gravatar.com\\\/avatar\\\/258153a7b4455d57ac848a4f6ee7f9267354ff8620a5dbe6147c911dfb739491?s=96&d=mm&r=g\",\"contentUrl\":\"https:\\\/\\\/secure.gravatar.com\\\/avatar\\\/258153a7b4455d57ac848a4f6ee7f9267354ff8620a5dbe6147c911dfb739491?s=96&d=mm&r=g\",\"caption\":\"Jim Phillips\"},\"description\":\"It's an epic saga....\",\"sameAs\":[\"Jim Phillips \\\/ Brainfiller.com\",\"https:\\\/\\\/x.com\\\/brainfiller\"]}]}<\/script>\n<!-- \/ Yoast SEO plugin. -->","yoast_head_json":{"title":"IEEE Opens Its European Technology Center in Vienna, Austria - Arc Flash &amp; Electrical Power Training | Brainfiller","description":"IEEE continues to expand its global presence with the opening of the European Technology Center in Vienna. The ribbon-cutting ceremony and official opening were just recently held on September 22. The center will provide support and services to the European...","robots":{"index":"index","follow":"follow","max-snippet":"max-snippet:-1","max-image-preview":"max-image-preview:large","max-video-preview":"max-video-preview:-1"},"canonical":"https:\/\/brainfiller.com\/es\/uncategorized\/ieee-opens-european-technology-center-vienna-austria\/","og_locale":"es_MX","og_type":"article","og_title":"IEEE Opens Its European Technology Center in Vienna, Austria - Arc Flash &amp; Electrical Power Training | Brainfiller","og_description":"IEEE continues to expand its global presence with the opening of the European Technology Center in Vienna. The ribbon-cutting ceremony and official opening were just recently held on September 22. The center will provide support and services to the European...","og_url":"https:\/\/brainfiller.com\/es\/uncategorized\/ieee-opens-european-technology-center-vienna-austria\/","og_site_name":"Arc Flash &amp; Electrical Power Training | Brainfiller","article_publisher":"https:\/\/www.facebook.com\/pages\/Brainfiller\/121692927901400","article_author":"Jim Phillips \/ Brainfiller.com","article_published_time":"2017-10-10T19:03:30+00:00","article_modified_time":"2025-11-19T16:40:31+00:00","og_image":[{"width":620,"height":414,"url":"https:\/\/brainfiller.com\/wp-content\/uploads\/2017\/10\/IEEE-Vienna.jpeg","type":"image\/jpeg"}],"author":"Jim Phillips","twitter_card":"summary_large_image","twitter_creator":"@brainfiller","twitter_site":"@brainfiller","twitter_misc":{"Escrito por":"Jim Phillips","Tiempo de lectura":"2 minutos"},"schema":{"@context":"https:\/\/schema.org","@graph":[{"@type":"Article","@id":"https:\/\/brainfiller.com\/uncategorized\/ieee-opens-european-technology-center-vienna-austria\/#article","isPartOf":{"@id":"https:\/\/brainfiller.com\/uncategorized\/ieee-opens-european-technology-center-vienna-austria\/"},"author":{"name":"Jim Phillips","@id":"https:\/\/brainfiller.com\/#\/schema\/person\/03247835e81df659321c6b756e0389e5"},"headline":"IEEE Opens Its European Technology Center in Vienna, Austria","datePublished":"2017-10-10T19:03:30+00:00","dateModified":"2025-11-19T16:40:31+00:00","mainEntityOfPage":{"@id":"https:\/\/brainfiller.com\/uncategorized\/ieee-opens-european-technology-center-vienna-austria\/"},"wordCount":392,"commentCount":0,"publisher":{"@id":"https:\/\/brainfiller.com\/#organization"},"image":{"@id":"https:\/\/brainfiller.com\/uncategorized\/ieee-opens-european-technology-center-vienna-austria\/#primaryimage"},"thumbnailUrl":"https:\/\/brainfiller.com\/wp-content\/uploads\/2017\/10\/IEEE-Vienna.jpeg","articleSection":["Arc Flash Safety and Hazard Analysis","Brainfiller Library","Electrical Power System Design and Analysis","Electrical Safety Codes and Standards","Electrical Safety Training and Culture","Emerging Electrical Safety Technologies and Trends"],"inLanguage":"es","potentialAction":[{"@type":"CommentAction","name":"Comment","target":["https:\/\/brainfiller.com\/uncategorized\/ieee-opens-european-technology-center-vienna-austria\/#respond"]}]},{"@type":"WebPage","@id":"https:\/\/brainfiller.com\/uncategorized\/ieee-opens-european-technology-center-vienna-austria\/","url":"https:\/\/brainfiller.com\/uncategorized\/ieee-opens-european-technology-center-vienna-austria\/","name":"IEEE Opens Its European Technology Center in Vienna, Austria - Arc Flash &amp; Electrical Power Training | Brainfiller","isPartOf":{"@id":"https:\/\/brainfiller.com\/#website"},"primaryImageOfPage":{"@id":"https:\/\/brainfiller.com\/uncategorized\/ieee-opens-european-technology-center-vienna-austria\/#primaryimage"},"image":{"@id":"https:\/\/brainfiller.com\/uncategorized\/ieee-opens-european-technology-center-vienna-austria\/#primaryimage"},"thumbnailUrl":"https:\/\/brainfiller.com\/wp-content\/uploads\/2017\/10\/IEEE-Vienna.jpeg","datePublished":"2017-10-10T19:03:30+00:00","dateModified":"2025-11-19T16:40:31+00:00","description":"IEEE continues to expand its global presence with the opening of the European Technology Center in Vienna. The ribbon-cutting ceremony and official opening were just recently held on September 22. The center will provide support and services to the European...","breadcrumb":{"@id":"https:\/\/brainfiller.com\/uncategorized\/ieee-opens-european-technology-center-vienna-austria\/#breadcrumb"},"inLanguage":"es","potentialAction":[{"@type":"ReadAction","target":["https:\/\/brainfiller.com\/uncategorized\/ieee-opens-european-technology-center-vienna-austria\/"]}]},{"@type":"ImageObject","inLanguage":"es","@id":"https:\/\/brainfiller.com\/uncategorized\/ieee-opens-european-technology-center-vienna-austria\/#primaryimage","url":"https:\/\/brainfiller.com\/wp-content\/uploads\/2017\/10\/IEEE-Vienna.jpeg","contentUrl":"https:\/\/brainfiller.com\/wp-content\/uploads\/2017\/10\/IEEE-Vienna.jpeg","width":620,"height":414},{"@type":"BreadcrumbList","@id":"https:\/\/brainfiller.com\/uncategorized\/ieee-opens-european-technology-center-vienna-austria\/#breadcrumb","itemListElement":[{"@type":"ListItem","position":1,"name":"Home","item":"https:\/\/brainfiller.com\/"},{"@type":"ListItem","position":2,"name":"IEEE Opens Its European Technology Center in Vienna, Austria"}]},{"@type":"WebSite","@id":"https:\/\/brainfiller.com\/#website","url":"https:\/\/brainfiller.com\/","name":"Arc Flash & Electrical Power Training | Brainfiller","description":"Arc Flash &amp; Electrical Power Training by Jim Phillips","publisher":{"@id":"https:\/\/brainfiller.com\/#organization"},"potentialAction":[{"@type":"SearchAction","target":{"@type":"EntryPoint","urlTemplate":"https:\/\/brainfiller.com\/?s={search_term_string}"},"query-input":{"@type":"PropertyValueSpecification","valueRequired":true,"valueName":"search_term_string"}}],"inLanguage":"es"},{"@type":"Organization","@id":"https:\/\/brainfiller.com\/#organization","name":"Rellenador de cerebros.com","url":"https:\/\/brainfiller.com\/","logo":{"@type":"ImageObject","inLanguage":"es","@id":"https:\/\/brainfiller.com\/#\/schema\/logo\/image\/","url":"https:\/\/brainfiller.com\/wp-content\/uploads\/2015\/05\/Brain-Logo.jpg","contentUrl":"https:\/\/brainfiller.com\/wp-content\/uploads\/2015\/05\/Brain-Logo.jpg","width":128,"height":118,"caption":"Brainfiller.com"},"image":{"@id":"https:\/\/brainfiller.com\/#\/schema\/logo\/image\/"},"sameAs":["https:\/\/www.facebook.com\/pages\/Brainfiller\/121692927901400","https:\/\/x.com\/brainfiller","https:\/\/www.linkedin.com\/in\/brainfiller","https:\/\/www.youtube.com\/user\/BrainfillerTV"]},{"@type":"Person","@id":"https:\/\/brainfiller.com\/#\/schema\/person\/03247835e81df659321c6b756e0389e5","name":"Jim Phillips","image":{"@type":"ImageObject","inLanguage":"es","@id":"https:\/\/secure.gravatar.com\/avatar\/258153a7b4455d57ac848a4f6ee7f9267354ff8620a5dbe6147c911dfb739491?s=96&d=mm&r=g","url":"https:\/\/secure.gravatar.com\/avatar\/258153a7b4455d57ac848a4f6ee7f9267354ff8620a5dbe6147c911dfb739491?s=96&d=mm&r=g","contentUrl":"https:\/\/secure.gravatar.com\/avatar\/258153a7b4455d57ac848a4f6ee7f9267354ff8620a5dbe6147c911dfb739491?s=96&d=mm&r=g","caption":"Jim Phillips"},"description":"It's an epic saga....","sameAs":["Jim Phillips \/ Brainfiller.com","https:\/\/x.com\/brainfiller"]}]}},"ticketed":false,"_links":{"self":[{"href":"https:\/\/brainfiller.com\/es\/wp-json\/wp\/v2\/posts\/4689","targetHints":{"allow":["GET"]}}],"collection":[{"href":"https:\/\/brainfiller.com\/es\/wp-json\/wp\/v2\/posts"}],"about":[{"href":"https:\/\/brainfiller.com\/es\/wp-json\/wp\/v2\/types\/post"}],"author":[{"embeddable":true,"href":"https:\/\/brainfiller.com\/es\/wp-json\/wp\/v2\/users\/2"}],"replies":[{"embeddable":true,"href":"https:\/\/brainfiller.com\/es\/wp-json\/wp\/v2\/comments?post=4689"}],"version-history":[{"count":0,"href":"https:\/\/brainfiller.com\/es\/wp-json\/wp\/v2\/posts\/4689\/revisions"}],"wp:featuredmedia":[{"embeddable":true,"href":"https:\/\/brainfiller.com\/es\/wp-json\/wp\/v2\/media\/4690"}],"wp:attachment":[{"href":"https:\/\/brainfiller.com\/es\/wp-json\/wp\/v2\/media?parent=4689"}],"wp:term":[{"taxonomy":"category","embeddable":true,"href":"https:\/\/brainfiller.com\/es\/wp-json\/wp\/v2\/categories?post=4689"},{"taxonomy":"post_tag","embeddable":true,"href":"https:\/\/brainfiller.com\/es\/wp-json\/wp\/v2\/tags?post=4689"}],"curies":[{"name":"wp","href":"https:\/\/api.w.org\/{rel}","templated":true}]}}